{"id":15089,"date":"2026-04-22T09:36:27","date_gmt":"2026-04-22T07:36:27","guid":{"rendered":"https:\/\/igs-bonn.de\/wordpress\/?p=15089"},"modified":"2026-04-22T09:37:26","modified_gmt":"2026-04-22T07:37:26","slug":"jede-stimme-zaehlt-die-esg-bei-der-spardaspendenwahl","status":"publish","type":"post","link":"https:\/\/igs-bonn.de\/wordpress\/?p=15089","title":{"rendered":"Jede Stimme z\u00e4hlt &#8211; die ESG bei der SpardaSpendenWahl"},"content":{"rendered":"\n<p><\/p>\n\n\n\n<p>Die SpardaSpendenWahl geht in die n\u00e4chste Runde und die ESG ist wieder dabei: Unter dem Motto ,,B\u00fchne frei f\u00fcr uns&#8221; kann man f\u00fcr unsere Schule abstimmen. Mit einem m\u00f6glichen Gewinn m\u00f6chte die ESG ein schulweites Kulturfestival realisieren, das die Talente ihrer Sch\u00fclerinnen und Sch\u00fcler ins Rampenlicht stellt. Geplant sind Theaterauff\u00fchrungen, eine Zirkus-Show, Musik- und Tanzbeitr\u00e4ge, Poetry-Slam sowie eine Foto- und Kunstausstellung. Alle Jahrg\u00e4nge wirken aktiv mit und entwickeln eigene Beitr\u00e4ge. Unter folgenden Link kann f\u00fcr unsere Schule abgestimmt werden: <a href=\"https:\/\/spardaspendenwahl.de\/projekte\/69a6cbfcdce5feae7c039137\">https:\/\/spardaspendenwahl.de\/projekte\/69a6cbfcdce5feae7c039137<\/a><\/p>\n\n\n\n<p>Wir freuen uns \u00fcber jede Stimme!<\/p>\n\n\n\n<p><\/p>\n\n\n\n<figure class=\"wp-block-image size-large is-resized\"><a href=\"http:\/\/igs-bonn.de\/wordpress\/wp-content\/uploads\/IMG_8761-scaled.jpeg\"><img loading=\"lazy\" decoding=\"async\" width=\"1024\" height=\"768\" src=\"http:\/\/igs-bonn.de\/wordpress\/wp-content\/uploads\/IMG_8761-1024x768.jpeg\" alt=\"\" class=\"wp-image-15076\" style=\"width:612px;height:auto\" srcset=\"https:\/\/igs-bonn.de\/wordpress\/wp-content\/uploads\/IMG_8761-1024x768.jpeg 1024w, https:\/\/igs-bonn.de\/wordpress\/wp-content\/uploads\/IMG_8761-300x225.jpeg 300w, https:\/\/igs-bonn.de\/wordpress\/wp-content\/uploads\/IMG_8761-768x576.jpeg 768w, https:\/\/igs-bonn.de\/wordpress\/wp-content\/uploads\/IMG_8761-1536x1152.jpeg 1536w, https:\/\/igs-bonn.de\/wordpress\/wp-content\/uploads\/IMG_8761-2048x1536.jpeg 2048w, https:\/\/igs-bonn.de\/wordpress\/wp-content\/uploads\/IMG_8761-750x563.jpeg 750w\" sizes=\"auto, (max-width: 1024px) 100vw, 1024px\" \/><\/a><figcaption class=\"wp-element-caption\">Unter dem Motto ,,B\u00fchne frei f\u00fcr uns&#8221; nimmt die ESG an der SpardaSpendenWahl teil. Das Bild zeigt eine Auff\u00fchrung vom letzten Theaterabend des Fachs ,,Darstellen und Gestalten&#8221;. Die ESG plant ein Kulturfestival, bei dem Veranstaltungen wie dieser stattfinden sollen.<\/figcaption><\/figure>\n","protected":false},"excerpt":{"rendered":"<p>Die SpardaSpendenWahl geht in die n\u00e4chste Runde und die ESG ist wieder dabei: Unter dem Motto ,,B\u00fchne frei f\u00fcr uns&#8221; kann man f\u00fcr unsere Schule abstimmen. Mit einem m\u00f6glichen Gewinn m\u00f6chte die ESG ein schulweites Kulturfestival realisieren, das die Talente ihrer Sch\u00fclerinnen und Sch\u00fcler ins Rampenlicht stellt. Geplant sind Theaterauff\u00fchrungen, eine Zirkus-Show, Musik- und Tanzbeitr\u00e4ge, &hellip; <\/p>\n<p><a class=\"more-link btn\" href=\"https:\/\/igs-bonn.de\/wordpress\/?p=15089\">Weiterlesen<\/a><\/p>\n","protected":false},"author":4,"featured_media":15076,"comment_status":"closed","ping_status":"closed","sticky":false,"template":"","format":"standard","meta":{"ngg_post_thumbnail":0,"footnotes":""},"categories":[28,1,77,76],"tags":[],"class_list":["post-15089","post","type-post","status-publish","format-standard","has-post-thumbnail","hentry","category-aktuell","category-home","category-homepage-ausschnitte","category-slider","item-wrap"],"_links":{"self":[{"href":"https:\/\/igs-bonn.de\/wordpress\/index.php?rest_route=\/wp\/v2\/posts\/15089","targetHints":{"allow":["GET"]}}],"collection":[{"href":"https:\/\/igs-bonn.de\/wordpress\/index.php?rest_route=\/wp\/v2\/posts"}],"about":[{"href":"https:\/\/igs-bonn.de\/wordpress\/index.php?rest_route=\/wp\/v2\/types\/post"}],"author":[{"embeddable":true,"href":"https:\/\/igs-bonn.de\/wordpress\/index.php?rest_route=\/wp\/v2\/users\/4"}],"replies":[{"embeddable":true,"href":"https:\/\/igs-bonn.de\/wordpress\/index.php?rest_route=%2Fwp%2Fv2%2Fcomments&post=15089"}],"version-history":[{"count":1,"href":"https:\/\/igs-bonn.de\/wordpress\/index.php?rest_route=\/wp\/v2\/posts\/15089\/revisions"}],"predecessor-version":[{"id":15090,"href":"https:\/\/igs-bonn.de\/wordpress\/index.php?rest_route=\/wp\/v2\/posts\/15089\/revisions\/15090"}],"wp:featuredmedia":[{"embeddable":true,"href":"https:\/\/igs-bonn.de\/wordpress\/index.php?rest_route=\/wp\/v2\/media\/15076"}],"wp:attachment":[{"href":"https:\/\/igs-bonn.de\/wordpress\/index.php?rest_route=%2Fwp%2Fv2%2Fmedia&parent=15089"}],"wp:term":[{"taxonomy":"category","embeddable":true,"href":"https:\/\/igs-bonn.de\/wordpress\/index.php?rest_route=%2Fwp%2Fv2%2Fcategories&post=15089"},{"taxonomy":"post_tag","embeddable":true,"href":"https:\/\/igs-bonn.de\/wordpress\/index.php?rest_route=%2Fwp%2Fv2%2Ftags&post=15089"}],"curies":[{"name":"wp","href":"https:\/\/api.w.org\/{rel}","templated":true}]}}