{"id":10911,"date":"2020-08-10T13:51:00","date_gmt":"2020-08-10T11:51:00","guid":{"rendered":"http:\/\/igs-bonn.de\/wordpress\/?p=10911"},"modified":"2020-08-10T16:45:46","modified_gmt":"2020-08-10T14:45:46","slug":"hoeren-macht-schule-podcasts-zu-klimawandel-und-umweltschutz","status":"publish","type":"post","link":"https:\/\/igs-bonn.de\/wordpress\/?p=10911","title":{"rendered":"H\u00f6ren macht Schule! Podcasts zu Klimawandel und Umweltschutz"},"content":{"rendered":"\n<div class=\"wp-block-image\"><figure class=\"alignright size-large is-resized\"><img loading=\"lazy\" decoding=\"async\" src=\"http:\/\/igs-bonn.de\/wordpress\/wp-content\/uploads\/IMG_20200624_141044-768x1024.jpg\" alt=\"\" class=\"wp-image-10914\" width=\"236\" height=\"314\" srcset=\"https:\/\/igs-bonn.de\/wordpress\/wp-content\/uploads\/IMG_20200624_141044-768x1024.jpg 768w, https:\/\/igs-bonn.de\/wordpress\/wp-content\/uploads\/IMG_20200624_141044-225x300.jpg 225w, https:\/\/igs-bonn.de\/wordpress\/wp-content\/uploads\/IMG_20200624_141044-1152x1536.jpg 1152w, https:\/\/igs-bonn.de\/wordpress\/wp-content\/uploads\/IMG_20200624_141044-1536x2048.jpg 1536w, https:\/\/igs-bonn.de\/wordpress\/wp-content\/uploads\/IMG_20200624_141044-scaled.jpg 1920w\" sizes=\"auto, (max-width: 236px) 100vw, 236px\" \/><\/figure><\/div>\n\n\n\n<p class=\"has-text-align-left\">Darauf k\u00f6nnen einige ESG-Sch\u00fclerinnen und Sch\u00fcler aus dem f\u00fcnften und sechsten Jahrgang besonders stolz sein: Schon jetzt haben sie eigene Podcasts gestaltet &#8211; sie sind ein Medium, das sich mittlerweile riesiger Beliebtheit erfreut. Die Themen ihrer Podcasts sind aktueller denn je: Klimawandel und Umweltschutz. Eine gro\u00dfz\u00fcgige Spende des Bonner Spendenparlaments \u2013 f\u00fcr die wir sehr dankbar sind \u2013 erm\u00f6glichte der ESG die Anschaffung eines Audiorecorders, mit dem die Aufnahmen \u00fcberhaupt erst get\u00e4tigt werden konnten. Ein gro\u00dfer Dank gilt dabei\u00a0Frau Glawinski und Frau Heidecke von unserem F\u00f6rderverein f\u00fcr ihre Unterst\u00fctzung: Ohne sie h\u00e4tte das H\u00f6rspiel-Projekt nicht beantragt und umgesetzt werden k\u00f6nnen. Ein Dank gilt ebenfalls Wolfgang Zerbs f\u00fcr die technische Beratung.\u00a0Im Rahmen der Bibliotheks-AG von ESG-Lehrerin Frau Miersch erarbeiteten die Sch\u00fclerInnen erste Ideen f\u00fcr eigene H\u00f6rtexte zum Thema Umweltschutz und Klimawandel. Obwohl die AG coronabedingt abgebrochen werden musste, konnten zumindest Gomana Ghaleb (5b), Theresa Sesterhenn (5d), Leonie Biebersdorf (6c), Aurel Klein-Langenhof (5f) und Michael Steinhauer (6b) ihre Geschichten zuhause abschlie\u00dfen. Einen weiteren Text steuerte\u00a0Fatou Ndiaye aus der Klasse 6a bei. Alle Geschichten sind abwechslungsreich und regen zum Nachdenken an. Einerseits werden nat\u00fcrlich die negativen Folgen von Umweltverschmutzung und Klimawandel erw\u00e4hnt: Angesichts von Waldbr\u00e4nden oder \u00dcberschwemmungen wird das Leben des Menschen zum Risiko. Andererseits bleiben unsere Sch\u00fclerInnen optimistisch, dass der Menschen nicht ganz machtlos ist und durchaus etwas f\u00fcr die Umwelt tun kann. Das kann beispielsweise \u2013 etwas sportliche Begeisterung vorausgesetzt \u2013 auch in Form des \u201eM\u00fcll-Joggings\u201c geschehen, wie\u00a0Gomana, Theresa und Leonie sehr eindr\u00fccklich in ihrer Geschichte beschreiben. <\/p>\n\n\n\n<div class=\"wp-block-image\"><figure class=\"alignleft size-large is-resized\"><img loading=\"lazy\" decoding=\"async\" src=\"http:\/\/igs-bonn.de\/wordpress\/wp-content\/uploads\/Spendenparlament.png\" alt=\"\" class=\"wp-image-10915\" width=\"125\" height=\"125\" srcset=\"https:\/\/igs-bonn.de\/wordpress\/wp-content\/uploads\/Spendenparlament.png 323w, https:\/\/igs-bonn.de\/wordpress\/wp-content\/uploads\/Spendenparlament-300x300.png 300w, https:\/\/igs-bonn.de\/wordpress\/wp-content\/uploads\/Spendenparlament-150x150.png 150w\" sizes=\"auto, (max-width: 125px) 100vw, 125px\" \/><\/figure><\/div>\n\n\n\n<p class=\"has-text-align-left\">Marc G\u00f6ricke, Adil Karaosmanoglu und Felix Offermann aus der Klasse 5c haben die Geschichten eingesprochen. Im Rahmen eines zweist\u00fcndigen Aufnahmemarathons kurz vor den Ferien wurde jeder Text mehrfach aufgenommen, um m\u00f6glichst viele Versprecher auszub\u00fcgeln und so eine gute Aufnahme zu gew\u00e4hrleisten. Alle Sch\u00fcler blieben bis zum Schluss bei der Sache und wollten sich am Ende der Aufnahmen am liebsten schon jetzt f\u00fcr die n\u00e4chste H\u00f6rspiel-AG anmelden.&nbsp;Da der \u201eTag der Biodiversit\u00e4t\u201c, bei dem die Podcast urspr\u00fcnglich pr\u00e4sentiert werden sollten, ausgefallen ist, werden die fertigen Podcasts nun zumindest hier vorgestellt. Diese sind unten stehend verlinkt (Bitte auf den fett gedruckten Begriff klicken).<\/p>\n\n\n\n<p>Wir w\u00fcnschen viel Spa\u00df beim H\u00f6ren!&nbsp;<\/p>\n\n\n\n<p><em>Frau Miersch und Herr Figatowski\/HI<\/em><\/p>\n\n\n\n<p><a href=\"http:\/\/igs-bonn.de\/wordpress\/wp-content\/uploads\/M\u00fcll-Jogging.mp3\">\u201e<strong>M\u00fcll-Jogging\u201c<\/strong><\/a> von Gomana Ghaleb, Theresa Sesterhenn, Leonie Biebersdorf&nbsp;<em>(gesprochen von Adil Karaosmanoglu und Felix Offermann)&nbsp;<\/em><\/p>\n\n\n\n<p><a href=\"http:\/\/igs-bonn.de\/wordpress\/wp-content\/uploads\/Klimawandel.mp3\">\u201e<strong>Der Klimawandel\u201c<\/strong><\/a> von Michael Steinhauer&nbsp;(<em>gesprochen von Felix Offermann<\/em>)<\/p>\n\n\n\n<p><a href=\"http:\/\/igs-bonn.de\/wordpress\/wp-content\/uploads\/Kostbare-Umwelt.mp3\">\u201e<strong>Kostbare Umwelt\u201c<\/strong><\/a> von Fatou Ndiaye <em>(gesprochen von Adil Karaosmanoglu)<\/em><\/p>\n\n\n\n<p><a href=\"http:\/\/igs-bonn.de\/wordpress\/wp-content\/uploads\/Heinz-der-Waldbrand.mp3\">\u201e<strong>Heinz, der Waldbrand\u201c<\/strong><\/a><strong>&nbsp;<\/strong>von Aurel Klein-Langenhof <em>(gesprochen von Marc G\u00f6ricke)<\/em><\/p>\n","protected":false},"excerpt":{"rendered":"<p>Darauf k\u00f6nnen einige ESG-Sch\u00fclerinnen und Sch\u00fcler aus dem f\u00fcnften und sechsten Jahrgang besonders stolz sein: Schon jetzt haben sie eigene Podcasts gestaltet &#8211; sie sind ein Medium, das sich mittlerweile riesiger Beliebtheit erfreut. Die Themen ihrer Podcasts sind aktueller denn je: Klimawandel und Umweltschutz. Eine gro\u00dfz\u00fcgige Spende des Bonner Spendenparlaments \u2013 f\u00fcr die wir sehr &hellip; <\/p>\n<p><a class=\"more-link btn\" href=\"https:\/\/igs-bonn.de\/wordpress\/?p=10911\">Weiterlesen<\/a><\/p>\n","protected":false},"author":4,"featured_media":10914,"comment_status":"closed","ping_status":"closed","sticky":false,"template":"","format":"standard","meta":{"ngg_post_thumbnail":0,"footnotes":""},"categories":[1,77,76],"tags":[],"class_list":["post-10911","post","type-post","status-publish","format-standard","has-post-thumbnail","hentry","category-home","category-homepage-ausschnitte","category-slider","item-wrap"],"_links":{"self":[{"href":"https:\/\/igs-bonn.de\/wordpress\/index.php?rest_route=\/wp\/v2\/posts\/10911","targetHints":{"allow":["GET"]}}],"collection":[{"href":"https:\/\/igs-bonn.de\/wordpress\/index.php?rest_route=\/wp\/v2\/posts"}],"about":[{"href":"https:\/\/igs-bonn.de\/wordpress\/index.php?rest_route=\/wp\/v2\/types\/post"}],"author":[{"embeddable":true,"href":"https:\/\/igs-bonn.de\/wordpress\/index.php?rest_route=\/wp\/v2\/users\/4"}],"replies":[{"embeddable":true,"href":"https:\/\/igs-bonn.de\/wordpress\/index.php?rest_route=%2Fwp%2Fv2%2Fcomments&post=10911"}],"version-history":[{"count":2,"href":"https:\/\/igs-bonn.de\/wordpress\/index.php?rest_route=\/wp\/v2\/posts\/10911\/revisions"}],"predecessor-version":[{"id":10917,"href":"https:\/\/igs-bonn.de\/wordpress\/index.php?rest_route=\/wp\/v2\/posts\/10911\/revisions\/10917"}],"wp:featuredmedia":[{"embeddable":true,"href":"https:\/\/igs-bonn.de\/wordpress\/index.php?rest_route=\/wp\/v2\/media\/10914"}],"wp:attachment":[{"href":"https:\/\/igs-bonn.de\/wordpress\/index.php?rest_route=%2Fwp%2Fv2%2Fmedia&parent=10911"}],"wp:term":[{"taxonomy":"category","embeddable":true,"href":"https:\/\/igs-bonn.de\/wordpress\/index.php?rest_route=%2Fwp%2Fv2%2Fcategories&post=10911"},{"taxonomy":"post_tag","embeddable":true,"href":"https:\/\/igs-bonn.de\/wordpress\/index.php?rest_route=%2Fwp%2Fv2%2Ftags&post=10911"}],"curies":[{"name":"wp","href":"https:\/\/api.w.org\/{rel}","templated":true}]}}