{"id":10905,"date":"2020-08-10T12:36:00","date_gmt":"2020-08-10T10:36:00","guid":{"rendered":"http:\/\/igs-bonn.de\/wordpress\/?p=10905"},"modified":"2020-08-10T14:38:44","modified_gmt":"2020-08-10T12:38:44","slug":"so-kreativ-macht-corona","status":"publish","type":"post","link":"https:\/\/igs-bonn.de\/wordpress\/?p=10905","title":{"rendered":"So kreativ macht Corona!"},"content":{"rendered":"\n<figure class=\"wp-block-image size-large\"><img loading=\"lazy\" decoding=\"async\" width=\"1024\" height=\"768\" src=\"http:\/\/igs-bonn.de\/wordpress\/wp-content\/uploads\/IMG_2133-1024x768.jpg\" alt=\"\" class=\"wp-image-10906\" srcset=\"https:\/\/igs-bonn.de\/wordpress\/wp-content\/uploads\/IMG_2133-1024x768.jpg 1024w, https:\/\/igs-bonn.de\/wordpress\/wp-content\/uploads\/IMG_2133-300x225.jpg 300w, https:\/\/igs-bonn.de\/wordpress\/wp-content\/uploads\/IMG_2133-768x576.jpg 768w, https:\/\/igs-bonn.de\/wordpress\/wp-content\/uploads\/IMG_2133-1536x1152.jpg 1536w, https:\/\/igs-bonn.de\/wordpress\/wp-content\/uploads\/IMG_2133-2048x1536.jpg 2048w\" sizes=\"auto, (max-width: 1024px) 100vw, 1024px\" \/><\/figure>\n\n\n\n<p>Der Titel spricht f\u00fcr sich: ,,ESG &#8211; mit Abstand die Besten&#8221;. Wer das Foyer der Schule betritt, wird sofort auf die bunte Fotowand mit diesem Titel aufmerksam. ,,Das sieht ja toll aus&#8221;, staunte eine Besucherin nicht schlecht. Die Fotowand ist das sehenswerte Resultat der Aktion ,,ESG Creative Team 2020&#8243;. Lehrerin Stephanie Paschold hatte die Aktion w\u00e4hrend des Unterrichts auf Distanz ins Leben gerufen. Die Sch\u00fclerinnen und Sch\u00fcler waren aufgefordert, kreativ zu werden, ganz egal, ob Malerei, Bauwerke, Kritzelei oder Bastelei &#8211; und sie zeigten sich so richtig einfallsreich, ganz ohne Kunstunterricht! Die Fotowand ist nun die Sammlung der Bilder dieser beeindruckenden Werke. Sie stellt zugleich ein Symbol des Zusammenhalts in der Corona-Zeit dar, in der man sich nicht treffen konnte. Mit dieser bunten Fotowand w\u00fcnscht die ESG sch\u00f6ne Sommerferien und bedankt sich bei Stephanie Paschold und allen beteiligten Sch\u00fclerinnen und Sch\u00fclern f\u00fcr diese tolle Aktion!\u00a0<em>HI<\/em><\/p>\n","protected":false},"excerpt":{"rendered":"<p>Der Titel spricht f\u00fcr sich: ,,ESG &#8211; mit Abstand die Besten&#8221;. Wer das Foyer der Schule betritt, wird sofort auf die bunte Fotowand mit diesem Titel aufmerksam. ,,Das sieht ja toll aus&#8221;, staunte eine Besucherin nicht schlecht. Die Fotowand ist das sehenswerte Resultat der Aktion ,,ESG Creative Team 2020&#8243;. Lehrerin Stephanie Paschold hatte die Aktion &hellip; <\/p>\n<p><a class=\"more-link btn\" href=\"https:\/\/igs-bonn.de\/wordpress\/?p=10905\">Weiterlesen<\/a><\/p>\n","protected":false},"author":4,"featured_media":10906,"comment_status":"closed","ping_status":"closed","sticky":false,"template":"","format":"standard","meta":{"ngg_post_thumbnail":0,"footnotes":""},"categories":[1,77,76],"tags":[],"class_list":["post-10905","post","type-post","status-publish","format-standard","has-post-thumbnail","hentry","category-home","category-homepage-ausschnitte","category-slider","item-wrap"],"_links":{"self":[{"href":"https:\/\/igs-bonn.de\/wordpress\/index.php?rest_route=\/wp\/v2\/posts\/10905","targetHints":{"allow":["GET"]}}],"collection":[{"href":"https:\/\/igs-bonn.de\/wordpress\/index.php?rest_route=\/wp\/v2\/posts"}],"about":[{"href":"https:\/\/igs-bonn.de\/wordpress\/index.php?rest_route=\/wp\/v2\/types\/post"}],"author":[{"embeddable":true,"href":"https:\/\/igs-bonn.de\/wordpress\/index.php?rest_route=\/wp\/v2\/users\/4"}],"replies":[{"embeddable":true,"href":"https:\/\/igs-bonn.de\/wordpress\/index.php?rest_route=%2Fwp%2Fv2%2Fcomments&post=10905"}],"version-history":[{"count":1,"href":"https:\/\/igs-bonn.de\/wordpress\/index.php?rest_route=\/wp\/v2\/posts\/10905\/revisions"}],"predecessor-version":[{"id":10907,"href":"https:\/\/igs-bonn.de\/wordpress\/index.php?rest_route=\/wp\/v2\/posts\/10905\/revisions\/10907"}],"wp:featuredmedia":[{"embeddable":true,"href":"https:\/\/igs-bonn.de\/wordpress\/index.php?rest_route=\/wp\/v2\/media\/10906"}],"wp:attachment":[{"href":"https:\/\/igs-bonn.de\/wordpress\/index.php?rest_route=%2Fwp%2Fv2%2Fmedia&parent=10905"}],"wp:term":[{"taxonomy":"category","embeddable":true,"href":"https:\/\/igs-bonn.de\/wordpress\/index.php?rest_route=%2Fwp%2Fv2%2Fcategories&post=10905"},{"taxonomy":"post_tag","embeddable":true,"href":"https:\/\/igs-bonn.de\/wordpress\/index.php?rest_route=%2Fwp%2Fv2%2Ftags&post=10905"}],"curies":[{"name":"wp","href":"https:\/\/api.w.org\/{rel}","templated":true}]}}